{"id":1976,"date":"2011-04-18T17:06:54","date_gmt":"2011-04-18T20:06:54","guid":{"rendered":"http:\/\/www.ultramotors.com.br\/?p=1976"},"modified":"2013-03-02T05:48:36","modified_gmt":"2013-03-02T08:48:36","slug":"volkswagen-apresenta-o-beetle-2012-novo-fusca","status":"publish","type":"post","link":"https:\/\/br.ultramotors.org\/seminovos\/blog\/volkswagen-apresenta-o-beetle-2012-novo-fusca\/","title":{"rendered":"Volkswagen apresenta o Beetle 2012, novo Fusca"},"content":{"rendered":"<p>A <a href=\"http:\/\/www.ultramotors.com.br\/?s=volkswagen&amp;sa=search&amp;cat=0\" rel=\"nofollow noopener\" target=\"_blank\">Volkswagen<\/a> mostrou hoje, oficialmente, a nova gera\u00e7\u00e3o do Beetle. O carro foi revelado simultaneamente no New York Auto Show 2011, Berlim e Shanghai. Mais comprido, largo e mais baixo, o novo Beetle est\u00e1 agora mais pr\u00f3ximo do desenho original do Fusca, e do <a href=\"http:\/\/www.ultramotors.com.br\/volkswagen-ira-apresentar-o-novo-fusca-beetle-dia-18-de-abril-2\/\" rel=\"nofollow noopener\" target=\"_blank\">Beetle Ragster<\/a>, e tamb\u00e9m tem um pouco do prot\u00f3tipo que a marca alem\u00e3 mostrou no Sal\u00e3o Autom\u00f3vel de Detroit, em 2005.<\/p>\n<p>O espa\u00e7o interno foi aumentado, mas ainda abriga quatro ocupantes, o bagageiro passou de reduzidos 209 litros para mais normais 310 litros de capacidade. O interior foi redesenhado e ganhou um sistema de navega\u00e7\u00e3o (pela primeira vez dispon\u00edvel num Beetle), o sistema de som foi desenvolvido pela Fender e um enorme teto panor\u00e2mico equipa o modelo.<\/p>\n<p><strong>Atualizado 26\/09\/2012:<\/strong> Volkswagen confirma a chegada do <a title=\"Novo Volkswagen Fusca no Brasil\" href=\"http:\/\/www.ultramotors.com.br\/novo-fusca-chegara-ao-brasil-em-novembro-de-2012-e-deve-custar-80-mil\/\" rel=\"nofollow noopener\" target=\"_blank\">novo Fusca ao Brasil<\/a> em novembro de 2012.<br \/>\n<strong>Atualizado 02\/03\/2013:<\/strong> Saiba Tudo sobre o Novo <a href=\"http:\/\/www.ultramotors.com.br\/volkswagen-novo-fusca-2013\/\" rel=\"nofollow noopener\" target=\"_blank\">Fusca 2013<\/a> vendido no Brasil.<\/p>\n<p><img loading=\"lazy\" decoding=\"async\" class=\"aligncenter size-full wp-image-1979\" title=\"Volkswagen Beetle 2012\" alt=\"Volkswagen Beetle 2012\" src=\"http:\/\/www.ultramotors.com.br\/wp-content\/uploads\/2011\/04\/008-2012-volkswagen-beetle-1303132954-e1303155116736.jpg\" width=\"545\" height=\"363\" \/><\/p>\n<p>A oferta mec\u00e2nica ser\u00e1 composta por tr\u00eas motores a gasolina &#8211; 1.2 TSI de 105cv, 1.4 TSI de 160cv e o potente 2.0 TSI de 200cv -, e dois motores TDi &#8211; 1.6 TDi de 105cv e 2.0 TDi de 140cv, ambos equipados com tecnologia BlueMotion.<\/p>\n<p><img loading=\"lazy\" decoding=\"async\" class=\"aligncenter size-full wp-image-1980\" title=\"Volkswagen Beetle 2012\" alt=\"Volkswagen Beetle 2012\" src=\"http:\/\/www.ultramotors.com.br\/wp-content\/uploads\/2011\/04\/009-2012-volkswagen-beetle-1303132943-e1303155464438.jpg\" width=\"545\" height=\"363\" \/><\/p>\n<p><img loading=\"lazy\" decoding=\"async\" class=\"aligncenter size-full wp-image-1981\" title=\"Volkswagen Beetle 2012\" alt=\"Volkswagen Beetle 2012\" src=\"http:\/\/www.ultramotors.com.br\/wp-content\/uploads\/2011\/04\/011-2012-volkswagen-beetle-1303132933-e1303156273106.jpg\" width=\"545\" height=\"349\" \/><\/p>\n<h2>Outras informa\u00e7\u00f5es do Volkswagen Beetle 2012<\/h2>\n<p>\u2022 Nome: The Beetle<br \/>\n\u2022 Estreia mundial: 18 de Abril de 2011<br \/>\n\u2022 Comercializa\u00e7\u00e3o na Am\u00e9rica do Norte: Setembro\/Outubro de 2011<br \/>\n\u2022 Comercializa\u00e7\u00e3o na Europa: Outubro\/Novembro de 2011<br \/>\n\u2022 Comercializa\u00e7\u00e3o na \u00c1sia: Fevereiro de 2012<br \/>\n\u2022 Comercializa\u00e7\u00e3o na Am\u00e9rica do Sul: finais de 2012\/in\u00edcio de 2013<br \/>\n\u2022 N\u00edveis de equipamento: Beetle, Design e Sport<br \/>\n\u2022 Gama de pot\u00eancias: de 105cv a 200cv<br \/>\n\u2022 Consumo m\u00ednimo: 4,3 l\/100 km (1.6 TDI)<br \/>\n\u2022 Estreia do Beetle original: 1938<br \/>\n\u2022 Estreia do New Beetle: 1998<br \/>\n\u2022 Unidades fabricadas at\u00e9 ao momento: &gt; 22,5 milh\u00f5es.<br \/>\n\u2022 Dimens\u00f5es exteriores: comprimento: 4.278 mm, largura: 1.808 mm, altura: 1.486 mm, entre-eixos: 2.537 mm<br \/>\n\u2022 Bagageira: 310 litros<\/p>\n<h2>V\u00eddeo do Beetle 2012<\/h2>\n<p><object style=\"height: 390px; width: 555px;\" width=\"100\" height=\"100\" classid=\"clsid:d27cdb6e-ae6d-11cf-96b8-444553540000\" codebase=\"http:\/\/download.macromedia.com\/pub\/shockwave\/cabs\/flash\/swflash.cab#version=6,0,40,0\"><param name=\"allowFullScreen\" value=\"true\" \/><param name=\"allowScriptAccess\" value=\"always\" \/><param name=\"src\" value=\"http:\/\/www.youtube.com\/v\/-ST-W5FDMYs?version=3\" \/><param name=\"allowfullscreen\" value=\"true\" \/><param name=\"allowscriptaccess\" value=\"always\" \/><embed style=\"height: 390px; width: 555px;\" width=\"100\" height=\"100\" type=\"application\/x-shockwave-flash\" src=\"http:\/\/www.youtube.com\/v\/-ST-W5FDMYs?version=3\" allowFullScreen=\"true\" allowScriptAccess=\"always\" allowfullscreen=\"true\" allowscriptaccess=\"always\" \/><\/object><\/p>\n<p style=\"text-align: center;\"><img loading=\"lazy\" decoding=\"async\" class=\"aligncenter\" title=\"Volkswagen Beetle 2012 branco\" alt=\"Volkswagen Beetle 2012 branco\" src=\"..\/wp-content\/uploads\/2011\/04\/000-2012-volkswagen-beetle-e1303154590975.jpg\" width=\"545\" height=\"335\" \/><\/p>\n<p><img loading=\"lazy\" decoding=\"async\" class=\"aligncenter size-full wp-image-1978\" title=\"Volkswagen Beetle 2012 branco\" alt=\"Volkswagen Beetle 2012 branco traseira\" src=\"http:\/\/www.ultramotors.com.br\/wp-content\/uploads\/2011\/04\/003-2012-volkswagen-beetle-e1303154797279.jpg\" width=\"545\" height=\"335\" \/><\/p>\n<p><img loading=\"lazy\" decoding=\"async\" class=\"aligncenter size-full wp-image-1982\" title=\"Volkswagen Beetle 2012\" alt=\"Volkswagen Beetle 2012 interior\" src=\"http:\/\/www.ultramotors.com.br\/wp-content\/uploads\/2011\/04\/012-2012-volkswagen-beetle-e1303156450313.jpg\" width=\"545\" height=\"363\" \/><\/p>\n<p>[Fonte: <a href=\"http:\/\/www.ultramotors.com.br\/\" rel=\"nofollow noopener\" target=\"_blank\">UltraMotors<\/a> \/ Refer\u00eancia: Autoportal e Autoblog]<\/p>\n","protected":false},"excerpt":{"rendered":"<p>A Volkswagen mostrou hoje, oficialmente, a nova gera\u00e7\u00e3o do Beetle. O carro foi revelado simultaneamente no New York Auto Show 2011, Berlim e Shanghai. Mais comprido, largo e mais baixo, o novo Beetle est\u00e1 agora mais pr\u00f3ximo do desenho original do Fusca, e do Beetle Ragster, e tamb\u00e9m tem um pouco do prot\u00f3tipo que a [&hellip;]<\/p>\n","protected":false},"author":1,"featured_media":1983,"comment_status":"open","ping_status":"open","sticky":false,"template":"","format":"standard","meta":{"footnotes":""},"categories":[1],"tags":[],"class_list":["post-1976","post","type-post","status-publish","format-standard","has-post-thumbnail","hentry","category-blog"],"_links":{"self":[{"href":"https:\/\/br.ultramotors.org\/seminovos\/wp-json\/wp\/v2\/posts\/1976","targetHints":{"allow":["GET"]}}],"collection":[{"href":"https:\/\/br.ultramotors.org\/seminovos\/wp-json\/wp\/v2\/posts"}],"about":[{"href":"https:\/\/br.ultramotors.org\/seminovos\/wp-json\/wp\/v2\/types\/post"}],"author":[{"embeddable":true,"href":"https:\/\/br.ultramotors.org\/seminovos\/wp-json\/wp\/v2\/users\/1"}],"replies":[{"embeddable":true,"href":"https:\/\/br.ultramotors.org\/seminovos\/wp-json\/wp\/v2\/comments?post=1976"}],"version-history":[{"count":0,"href":"https:\/\/br.ultramotors.org\/seminovos\/wp-json\/wp\/v2\/posts\/1976\/revisions"}],"wp:featuredmedia":[{"embeddable":true,"href":"https:\/\/br.ultramotors.org\/seminovos\/wp-json\/wp\/v2\/media\/1983"}],"wp:attachment":[{"href":"https:\/\/br.ultramotors.org\/seminovos\/wp-json\/wp\/v2\/media?parent=1976"}],"wp:term":[{"taxonomy":"category","embeddable":true,"href":"https:\/\/br.ultramotors.org\/seminovos\/wp-json\/wp\/v2\/categories?post=1976"},{"taxonomy":"post_tag","embeddable":true,"href":"https:\/\/br.ultramotors.org\/seminovos\/wp-json\/wp\/v2\/tags?post=1976"}],"curies":[{"name":"wp","href":"https:\/\/api.w.org\/{rel}","templated":true}]}}