{"id":19709,"date":"2013-01-29T18:07:24","date_gmt":"2013-01-29T20:07:24","guid":{"rendered":"http:\/\/www.ultramotors.com.br\/?p=19709"},"modified":"2013-01-29T18:21:43","modified_gmt":"2013-01-29T20:21:43","slug":"novo-golf-pode-estar-mais-proximo-do-brasil","status":"publish","type":"post","link":"https:\/\/br.ultramotors.org\/seminovos\/blog\/novo-golf-pode-estar-mais-proximo-do-brasil\/","title":{"rendered":"Novo Golf pode estar mais pr\u00f3ximo do Brasil"},"content":{"rendered":"<p>Como parte de um plano para produzir mais de 75 por cento dos produtos vendidos na Am\u00e9rica do Norte dentro da Am\u00e9rica do Norte, a Volkswagen anunciou que ir\u00e1 produzir o Golf 2014 em sua f\u00e1brica no M\u00e9xico, visando abastecer o mercado norte-americano e sul-americano. Esse an\u00fancio pode significar que finalmente uma nova vers\u00e3o, atual e global do Golf poder\u00e1 ser vendida no Brasil.<\/p>\n<p>A produ\u00e7\u00e3o do Golf 2014 na f\u00e1brica de Puebla ir\u00e1 ter in\u00edcio no primeiro trimestre de 2014 e o carro ir\u00e1 a venda nos EUA na segunda metade do ano que vem. Jetta e Fusca\/Beetle j\u00e1 s\u00e3o produzidos nessa mesma f\u00e1brica e exportados para o Brasil, por\u00e9m a VW n\u00e3o anunciou e nem confirma a vinda do novo Golf ao Brasil. A produ\u00e7\u00e3o do modelo no M\u00e9xico sugere um cen\u00e1rio ideal para a t\u00e3o esperada entrada do novo Golf ao mercado brasileiro, devido aos custos operacionais competitivos e o acordo automotivo entre Brasil e M\u00e9xico. Vamos aguardar uma defini\u00e7\u00e3o da Volkswagen.<\/p>\n<p><img loading=\"lazy\" decoding=\"async\" class=\"aligncenter size-full wp-image-19712\" alt=\"VW Golf 2014\" src=\"http:\/\/www.ultramotors.com.br\/wp-content\/uploads\/2013\/01\/01-2015-vw-golf-fd-e1359489544804.jpg\" width=\"545\" height=\"362\" title=\"\"><\/p>\n<p><img loading=\"lazy\" decoding=\"async\" class=\"aligncenter size-full wp-image-19713\" alt=\"VW Golf 2014\" src=\"http:\/\/www.ultramotors.com.br\/wp-content\/uploads\/2013\/01\/02-2015-vw-golf-fd-e1359489680131.jpg\" width=\"545\" height=\"362\" title=\"\"><\/p>\n","protected":false},"excerpt":{"rendered":"<p>Como parte de um plano para produzir mais de 75 por cento dos produtos vendidos na Am\u00e9rica do Norte dentro da Am\u00e9rica do Norte, a Volkswagen anunciou que ir\u00e1 produzir o Golf 2014 em sua f\u00e1brica no M\u00e9xico, visando abastecer o mercado norte-americano e sul-americano. Esse an\u00fancio pode significar que finalmente uma nova vers\u00e3o, atual [&hellip;]<\/p>\n","protected":false},"author":1,"featured_media":19715,"comment_status":"open","ping_status":"open","sticky":false,"template":"","format":"standard","meta":{"footnotes":""},"categories":[1],"tags":[],"class_list":["post-19709","post","type-post","status-publish","format-standard","has-post-thumbnail","hentry","category-blog"],"_links":{"self":[{"href":"https:\/\/br.ultramotors.org\/seminovos\/wp-json\/wp\/v2\/posts\/19709","targetHints":{"allow":["GET"]}}],"collection":[{"href":"https:\/\/br.ultramotors.org\/seminovos\/wp-json\/wp\/v2\/posts"}],"about":[{"href":"https:\/\/br.ultramotors.org\/seminovos\/wp-json\/wp\/v2\/types\/post"}],"author":[{"embeddable":true,"href":"https:\/\/br.ultramotors.org\/seminovos\/wp-json\/wp\/v2\/users\/1"}],"replies":[{"embeddable":true,"href":"https:\/\/br.ultramotors.org\/seminovos\/wp-json\/wp\/v2\/comments?post=19709"}],"version-history":[{"count":0,"href":"https:\/\/br.ultramotors.org\/seminovos\/wp-json\/wp\/v2\/posts\/19709\/revisions"}],"wp:featuredmedia":[{"embeddable":true,"href":"https:\/\/br.ultramotors.org\/seminovos\/wp-json\/wp\/v2\/media\/19715"}],"wp:attachment":[{"href":"https:\/\/br.ultramotors.org\/seminovos\/wp-json\/wp\/v2\/media?parent=19709"}],"wp:term":[{"taxonomy":"category","embeddable":true,"href":"https:\/\/br.ultramotors.org\/seminovos\/wp-json\/wp\/v2\/categories?post=19709"},{"taxonomy":"post_tag","embeddable":true,"href":"https:\/\/br.ultramotors.org\/seminovos\/wp-json\/wp\/v2\/tags?post=19709"}],"curies":[{"name":"wp","href":"https:\/\/api.w.org\/{rel}","templated":true}]}}