{"id":17857,"date":"2012-11-16T18:03:31","date_gmt":"2012-11-16T21:03:31","guid":{"rendered":"http:\/\/www.ultramotors.com.br\/?p=17857"},"modified":"2012-11-16T18:03:31","modified_gmt":"2012-11-16T21:03:31","slug":"fiat-500e-2014-primeiras-images-da-versao-eletrica-do-500","status":"publish","type":"post","link":"https:\/\/br.ultramotors.org\/seminovos\/blog\/fiat-500e-2014-primeiras-images-da-versao-eletrica-do-500\/","title":{"rendered":"Fiat 500E 2014: Primeiras images da vers\u00e3o el\u00e9trica do 500"},"content":{"rendered":"<p>A Fiat liberou as primeiras fotos do seu 500E &#8220;el\u00e9trico&#8221;, que ser\u00e1 apresentado ainda neste m\u00eas no <a href=\"http:\/\/www.laautoshow.com\/\" target=\"_blank\" rel=\"nofollow noopener\">Los Angeles Auto Show<\/a>. Mas antes disso o carro far\u00e1 uma apari\u00e7\u00e3o &#8220;surpresa&#8221; no <a href=\"http:\/\/beta.abc.go.com\/shows\/american-music-awards\" target=\"_blank\" rel=\"nofollow noopener\">American Music Award<\/a> no pr\u00f3ximo domingo.<\/p>\n<p>Em compara\u00e7\u00e3o com o 500 regular, o 500E recebeu um toque extra de eleg\u00e2ncia, ostentando um novo acabamento brilhoso na pintura, rodas personalizadas e um interior minimalista, com bot\u00f5es para a sele\u00e7\u00e3o de marchas. O painel de instrumentos tamb\u00e9m \u00e9 novo.<\/p>\n<p>Quanto a motoriza\u00e7\u00e3o, Inicialmente \u00e9 esperado que o Fiat 500 el\u00e9trico forne\u00e7a 101 cavalos, por\u00e9m mais detalhes ser\u00e3o apresentados em Los Angeles a partir do dia 29. At\u00e9 l\u00e1 veja as primeiras fotos do Fiat 500E abaixo.<\/p>\n<p><img loading=\"lazy\" decoding=\"async\" class=\"aligncenter size-full wp-image-17858\" title=\"Fiat 500E el\u00e9trico\" src=\"http:\/\/www.ultramotors.com.br\/wp-content\/uploads\/2012\/11\/2014-fiat-500e_100409479_m-e1353099190793.jpg\" alt=\"Fiat 500E el\u00e9trico\" width=\"540\" height=\"317\" \/><\/p>\n<p><img loading=\"lazy\" decoding=\"async\" class=\"aligncenter size-full wp-image-17859\" title=\"Fiat 500E el\u00e9trico\" src=\"http:\/\/www.ultramotors.com.br\/wp-content\/uploads\/2012\/11\/2014-fiat-500e_100409480_m-e1353099228483.jpg\" alt=\"Interior do Fiat 500E el\u00e9trico\" width=\"540\" height=\"319\" \/><\/p>\n","protected":false},"excerpt":{"rendered":"<p>A Fiat liberou as primeiras fotos do seu 500E &#8220;el\u00e9trico&#8221;, que ser\u00e1 apresentado ainda neste m\u00eas no Los Angeles Auto Show. Mas antes disso o carro far\u00e1 uma apari\u00e7\u00e3o &#8220;surpresa&#8221; no American Music Award no pr\u00f3ximo domingo. Em compara\u00e7\u00e3o com o 500 regular, o 500E recebeu um toque extra de eleg\u00e2ncia, ostentando um novo acabamento [&hellip;]<\/p>\n","protected":false},"author":1,"featured_media":17860,"comment_status":"open","ping_status":"open","sticky":false,"template":"","format":"standard","meta":{"footnotes":""},"categories":[1],"tags":[],"class_list":["post-17857","post","type-post","status-publish","format-standard","has-post-thumbnail","hentry","category-blog"],"_links":{"self":[{"href":"https:\/\/br.ultramotors.org\/seminovos\/wp-json\/wp\/v2\/posts\/17857","targetHints":{"allow":["GET"]}}],"collection":[{"href":"https:\/\/br.ultramotors.org\/seminovos\/wp-json\/wp\/v2\/posts"}],"about":[{"href":"https:\/\/br.ultramotors.org\/seminovos\/wp-json\/wp\/v2\/types\/post"}],"author":[{"embeddable":true,"href":"https:\/\/br.ultramotors.org\/seminovos\/wp-json\/wp\/v2\/users\/1"}],"replies":[{"embeddable":true,"href":"https:\/\/br.ultramotors.org\/seminovos\/wp-json\/wp\/v2\/comments?post=17857"}],"version-history":[{"count":0,"href":"https:\/\/br.ultramotors.org\/seminovos\/wp-json\/wp\/v2\/posts\/17857\/revisions"}],"wp:featuredmedia":[{"embeddable":true,"href":"https:\/\/br.ultramotors.org\/seminovos\/wp-json\/wp\/v2\/media\/17860"}],"wp:attachment":[{"href":"https:\/\/br.ultramotors.org\/seminovos\/wp-json\/wp\/v2\/media?parent=17857"}],"wp:term":[{"taxonomy":"category","embeddable":true,"href":"https:\/\/br.ultramotors.org\/seminovos\/wp-json\/wp\/v2\/categories?post=17857"},{"taxonomy":"post_tag","embeddable":true,"href":"https:\/\/br.ultramotors.org\/seminovos\/wp-json\/wp\/v2\/tags?post=17857"}],"curies":[{"name":"wp","href":"https:\/\/api.w.org\/{rel}","templated":true}]}}