{"id":17790,"date":"2012-11-13T16:49:06","date_gmt":"2012-11-13T19:49:06","guid":{"rendered":"http:\/\/www.ultramotors.com.br\/?p=17790"},"modified":"2022-10-05T21:06:06","modified_gmt":"2022-10-06T00:06:06","slug":"os-carros-mais-vendidos-em-setembro-de-2012","status":"publish","type":"post","link":"https:\/\/br.ultramotors.org\/seminovos\/blog\/os-carros-mais-vendidos-em-setembro-de-2012\/","title":{"rendered":"Os carros mais vendidos em setembro de 2012"},"content":{"rendered":"<p>Depois do recorde no m\u00eas de agosto (mais de 400.000 registros mensais pela a primeira vez), as vendas de carros novos em setembro voltaram para n\u00edveis mais razo\u00e1veis com 277.614 unidades, queda de 5% ano-a-ano e elevando o total acumulado no ano at\u00e9 a data para 2.666.827.<\/p>\n<p>Abaixo do VW Gol e Fiat Uno, ambos s\u00f3lidos com 8,4% e 7,3% de participa\u00e7\u00e3o de mercado respectivamente, o Fiat Palio ganhou uma posi\u00e7\u00e3o voltando a #3 com 14.766 vendas e quota de 5,3%, o mais alto no pa\u00eds desde mar\u00e7o de 2010.<\/p>\n<p>[table id=77 \/]<\/p>\n<p>&nbsp;<\/p>\n<p>[Fonte dos n\u00fameros: Fenabrave]<\/p>\n","protected":false},"excerpt":{"rendered":"<p>Depois do recorde no m\u00eas de agosto (mais de 400.000 registros mensais pela a primeira vez), as vendas de carros novos em setembro voltaram para n\u00edveis mais razo\u00e1veis com 277.614 unidades, queda de 5% ano-a-ano e elevando o total acumulado no ano at\u00e9 a data para 2.666.827. Abaixo do VW Gol e Fiat Uno, ambos [&hellip;]<\/p>\n","protected":false},"author":1,"featured_media":17791,"comment_status":"open","ping_status":"open","sticky":false,"template":"","format":"standard","meta":{"footnotes":""},"categories":[1,3235],"tags":[],"class_list":["post-17790","post","type-post","status-publish","format-standard","has-post-thumbnail","hentry","category-blog","category-carros-mais-vendidos"],"_links":{"self":[{"href":"https:\/\/br.ultramotors.org\/seminovos\/wp-json\/wp\/v2\/posts\/17790","targetHints":{"allow":["GET"]}}],"collection":[{"href":"https:\/\/br.ultramotors.org\/seminovos\/wp-json\/wp\/v2\/posts"}],"about":[{"href":"https:\/\/br.ultramotors.org\/seminovos\/wp-json\/wp\/v2\/types\/post"}],"author":[{"embeddable":true,"href":"https:\/\/br.ultramotors.org\/seminovos\/wp-json\/wp\/v2\/users\/1"}],"replies":[{"embeddable":true,"href":"https:\/\/br.ultramotors.org\/seminovos\/wp-json\/wp\/v2\/comments?post=17790"}],"version-history":[{"count":1,"href":"https:\/\/br.ultramotors.org\/seminovos\/wp-json\/wp\/v2\/posts\/17790\/revisions"}],"predecessor-version":[{"id":77098,"href":"https:\/\/br.ultramotors.org\/seminovos\/wp-json\/wp\/v2\/posts\/17790\/revisions\/77098"}],"wp:featuredmedia":[{"embeddable":true,"href":"https:\/\/br.ultramotors.org\/seminovos\/wp-json\/wp\/v2\/media\/17791"}],"wp:attachment":[{"href":"https:\/\/br.ultramotors.org\/seminovos\/wp-json\/wp\/v2\/media?parent=17790"}],"wp:term":[{"taxonomy":"category","embeddable":true,"href":"https:\/\/br.ultramotors.org\/seminovos\/wp-json\/wp\/v2\/categories?post=17790"},{"taxonomy":"post_tag","embeddable":true,"href":"https:\/\/br.ultramotors.org\/seminovos\/wp-json\/wp\/v2\/tags?post=17790"}],"curies":[{"name":"wp","href":"https:\/\/api.w.org\/{rel}","templated":true}]}}