{"id":1774,"date":"2011-04-06T15:59:48","date_gmt":"2011-04-06T18:59:48","guid":{"rendered":"http:\/\/www.ultramotors.com.br\/?p=1774"},"modified":"2011-04-18T17:13:57","modified_gmt":"2011-04-18T20:13:57","slug":"volkswagen-ira-apresentar-o-novo-fusca-beetle-dia-18-de-abril-2","status":"publish","type":"post","link":"https:\/\/br.ultramotors.org\/seminovos\/blog\/volkswagen-ira-apresentar-o-novo-fusca-beetle-dia-18-de-abril-2\/","title":{"rendered":"Volkswagen ir\u00e1 apresentar o novo Fusca (Beetle) dia 18 de abril"},"content":{"rendered":"<p>A Volkswagen confirmou oficialmente a apresenta\u00e7\u00e3o do novo Beetle para o pr\u00f3ximo dia 18 de Abril. A revela\u00e7\u00e3o da nova gera\u00e7\u00e3o do modelo da marca alem\u00e3 ser\u00e1 realizada, em simult\u00e2neo, em tr\u00eas locais diferentes do globo: Sal\u00e3o de Xangai, Sal\u00e3o de Nova Iorque e em um evento na cidade de Berlim.<\/p>\n<p>Por enquanto, as informa\u00e7\u00f5es s\u00e3o escassas, mas sabe-se que a nova gera\u00e7\u00e3o do Beetle ter\u00e1 um design mais agressivo, inspirado no prot\u00f3tipo Ragster que foi apresentado em 2005. As formas curvas, o kit \u00f3ptico e as caracter\u00edsticas principais devem ser mantidas, j\u00e1 a motoriza\u00e7\u00e3o provavelmente ir\u00e1 incorporar as novas tend\u00eancias da Volkswagen nesse sentido.<\/p>\n<p>Por isso \u00e9 de se esperar a inclus\u00e3o das mais recentes motoriza\u00e7\u00f5es, os novos 1.2 TSi de 105cv, o 1.4 TSi de 160cv e o 2 litros com 211 cv, e nas vers\u00f5es diesel, o novo 1.6 TDi de 105cv e o conhecido 2.0 TDi de 140cv.<\/p>\n<p>[<span style=\"color: #0000ff;\"><strong>Atualiza\u00e7\u00e3o<\/strong><\/span>] A Volkswagen apresentou o novo Beetle 2012, veja os <a href=\"http:\/\/www.ultramotors.com.br\/volkswagen-apresenta-o-beetle-2012-novo-fusca\/\" rel=\"nofollow noopener\" target=\"_blank\">detalhes e fotos do novo Beetle 2012<\/a>.<\/p>\n<h2>Volkswagen Ragster Concept<\/h2>\n<p style=\"text-align: center;\"><img loading=\"lazy\" decoding=\"async\" class=\"aligncenter size-full wp-image-1775\" title=\"Volkswagen-Ragster-Beetle-concept\" src=\"http:\/\/www.ultramotors.com.br\/wp-content\/uploads\/2011\/04\/Volkswagen-Ragster-Beetle-concept-2-e1281059133127-625x437-e1302115936685.jpg\" alt=\"Volkswagen-Ragster-Beetle-concept\" width=\"545\" height=\"381\" srcset=\"https:\/\/br.ultramotors.org\/seminovos\/wp-content\/uploads\/2011\/04\/Volkswagen-Ragster-Beetle-concept-2-e1281059133127-625x437-e1302115936685.jpg 545w, https:\/\/br.ultramotors.org\/seminovos\/wp-content\/uploads\/2011\/04\/Volkswagen-Ragster-Beetle-concept-2-e1281059133127-625x437-50x34.jpg 50w, https:\/\/br.ultramotors.org\/seminovos\/wp-content\/uploads\/2011\/04\/Volkswagen-Ragster-Beetle-concept-2-e1281059133127-625x437-200x139.jpg 200w, https:\/\/br.ultramotors.org\/seminovos\/wp-content\/uploads\/2011\/04\/Volkswagen-Ragster-Beetle-concept-2-e1281059133127-625x437-100x69.jpg 100w, https:\/\/br.ultramotors.org\/seminovos\/wp-content\/uploads\/2011\/04\/Volkswagen-Ragster-Beetle-concept-2-e1281059133127-625x437-150x104.jpg 150w\" sizes=\"auto, (max-width: 545px) 100vw, 545px\" \/><br \/>\n<img loading=\"lazy\" decoding=\"async\" class=\"aligncenter size-full wp-image-1785\" title=\"Volkswagen-Ragster-Beetle-concept\" src=\"http:\/\/www.ultramotors.com.br\/wp-content\/uploads\/2011\/04\/Volkswagen-Ragster-Beetle-concept-4-625x468.jpg\" alt=\"Volkswagen-Ragster-Beetle-concept\" width=\"545\" height=\"381\" \/><\/p>\n<p><img loading=\"lazy\" decoding=\"async\" class=\"aligncenter size-full wp-image-1776\" title=\"Volkswagen-Ragster-Beetle-concept\" src=\"http:\/\/www.ultramotors.com.br\/wp-content\/uploads\/2011\/04\/Volkswagen-Ragster-Beetle-concept-5-625x468-e1302115984577.jpg\" alt=\"Volkswagen-Ragster-Beetle-concept\" width=\"545\" height=\"408\" \/><\/p>\n<p><img loading=\"lazy\" decoding=\"async\" class=\"aligncenter size-full wp-image-1777\" title=\"Volkswagen-Ragster-Beetle-concept\" src=\"http:\/\/www.ultramotors.com.br\/wp-content\/uploads\/2011\/04\/Volkswagen-Ragster-Beetle-concept-3-e1281059172458-625x408-e1302116037451.jpg\" alt=\"Volkswagen-Ragster-Beetle-concept\" width=\"545\" height=\"355\" srcset=\"https:\/\/br.ultramotors.org\/seminovos\/wp-content\/uploads\/2011\/04\/Volkswagen-Ragster-Beetle-concept-3-e1281059172458-625x408-e1302116037451.jpg 545w, https:\/\/br.ultramotors.org\/seminovos\/wp-content\/uploads\/2011\/04\/Volkswagen-Ragster-Beetle-concept-3-e1281059172458-625x408-50x32.jpg 50w, https:\/\/br.ultramotors.org\/seminovos\/wp-content\/uploads\/2011\/04\/Volkswagen-Ragster-Beetle-concept-3-e1281059172458-625x408-200x130.jpg 200w, https:\/\/br.ultramotors.org\/seminovos\/wp-content\/uploads\/2011\/04\/Volkswagen-Ragster-Beetle-concept-3-e1281059172458-625x408-100x65.jpg 100w, https:\/\/br.ultramotors.org\/seminovos\/wp-content\/uploads\/2011\/04\/Volkswagen-Ragster-Beetle-concept-3-e1281059172458-625x408-150x97.jpg 150w\" sizes=\"auto, (max-width: 545px) 100vw, 545px\" \/><\/p>\n<p><img loading=\"lazy\" decoding=\"async\" class=\"aligncenter size-full wp-image-1778\" title=\"Volkswagen-Ragster-Beetle-concept\" src=\"http:\/\/www.ultramotors.com.br\/wp-content\/uploads\/2011\/04\/Volkswagen-Ragster-Beetle-concept-625x391-e1302116089102.jpg\" alt=\"Volkswagen-Ragster-Beetle-concept\" width=\"545\" height=\"340\" \/><\/p>\n","protected":false},"excerpt":{"rendered":"<p>A Volkswagen confirmou oficialmente a apresenta\u00e7\u00e3o do novo Beetle para o pr\u00f3ximo dia 18 de Abril. A revela\u00e7\u00e3o da nova gera\u00e7\u00e3o do modelo da marca alem\u00e3 ser\u00e1 realizada, em simult\u00e2neo, em tr\u00eas locais diferentes do globo: Sal\u00e3o de Xangai, Sal\u00e3o de Nova Iorque e em um evento na cidade de Berlim. Por enquanto, as informa\u00e7\u00f5es [&hellip;]<\/p>\n","protected":false},"author":1,"featured_media":1780,"comment_status":"open","ping_status":"open","sticky":false,"template":"","format":"standard","meta":{"footnotes":""},"categories":[1],"tags":[],"class_list":["post-1774","post","type-post","status-publish","format-standard","has-post-thumbnail","hentry","category-blog"],"_links":{"self":[{"href":"https:\/\/br.ultramotors.org\/seminovos\/wp-json\/wp\/v2\/posts\/1774","targetHints":{"allow":["GET"]}}],"collection":[{"href":"https:\/\/br.ultramotors.org\/seminovos\/wp-json\/wp\/v2\/posts"}],"about":[{"href":"https:\/\/br.ultramotors.org\/seminovos\/wp-json\/wp\/v2\/types\/post"}],"author":[{"embeddable":true,"href":"https:\/\/br.ultramotors.org\/seminovos\/wp-json\/wp\/v2\/users\/1"}],"replies":[{"embeddable":true,"href":"https:\/\/br.ultramotors.org\/seminovos\/wp-json\/wp\/v2\/comments?post=1774"}],"version-history":[{"count":0,"href":"https:\/\/br.ultramotors.org\/seminovos\/wp-json\/wp\/v2\/posts\/1774\/revisions"}],"wp:featuredmedia":[{"embeddable":true,"href":"https:\/\/br.ultramotors.org\/seminovos\/wp-json\/wp\/v2\/media\/1780"}],"wp:attachment":[{"href":"https:\/\/br.ultramotors.org\/seminovos\/wp-json\/wp\/v2\/media?parent=1774"}],"wp:term":[{"taxonomy":"category","embeddable":true,"href":"https:\/\/br.ultramotors.org\/seminovos\/wp-json\/wp\/v2\/categories?post=1774"},{"taxonomy":"post_tag","embeddable":true,"href":"https:\/\/br.ultramotors.org\/seminovos\/wp-json\/wp\/v2\/tags?post=1774"}],"curies":[{"name":"wp","href":"https:\/\/api.w.org\/{rel}","templated":true}]}}