{"id":15395,"date":"2012-09-24T16:49:42","date_gmt":"2012-09-24T19:49:42","guid":{"rendered":"http:\/\/www.ultramotors.com.br\/?p=15395"},"modified":"2012-09-24T16:49:42","modified_gmt":"2012-09-24T19:49:42","slug":"as-motos-mais-vendidas-em-agosto-de-2012","status":"publish","type":"post","link":"https:\/\/br.ultramotors.org\/seminovos\/blog\/as-motos-mais-vendidas-em-agosto-de-2012\/","title":{"rendered":"As motos mais vendidas em agosto de 2012"},"content":{"rendered":"<p>O segmento de duas rodas registrou aumento de 1,56% em agosto, no comparativo com julho. Foram emplacadas 140.641 unidades contra 138.485 motos. Em rela\u00e7\u00e3o a agosto de 2011, este setor apresentou retra\u00e7\u00e3o de 22,45% e, no acumulado, a queda chegou a 10,48%.<\/p>\n<p>A participa\u00e7\u00e3o de mercado das marcas no m\u00eas de agosto ficou assim: Honda \u2013 78,74%, Yamaha \u2013 10,76%, Dafra \u2013 2,16%, Suzuki \u2013 1,99%, Kasinski \u2013 1,47%, Outros \u2013 4,88%.<\/p>\n<h2>As 25 motos mais vendidas no acumulado entre janeiro e agosto de 2012<\/h2>\n<p><img loading=\"lazy\" decoding=\"async\" class=\"aligncenter size-full wp-image-15396\" title=\"As 25 motos mais vendidas em agosto de 2012\" src=\"http:\/\/www.ultramotors.com.br\/wp-content\/uploads\/2012\/09\/rsz_as_25_motos_mais_vendidas_em_agosto_de_2012.png\" alt=\"Tabela com as 25 motocicletas mais vendidas em agosto de 2012\" width=\"545\" height=\"467\" srcset=\"https:\/\/br.ultramotors.org\/seminovos\/wp-content\/uploads\/2012\/09\/rsz_as_25_motos_mais_vendidas_em_agosto_de_2012.png 545w, https:\/\/br.ultramotors.org\/seminovos\/wp-content\/uploads\/2012\/09\/rsz_as_25_motos_mais_vendidas_em_agosto_de_2012-175x150.png 175w, https:\/\/br.ultramotors.org\/seminovos\/wp-content\/uploads\/2012\/09\/rsz_as_25_motos_mais_vendidas_em_agosto_de_2012-100x85.png 100w, https:\/\/br.ultramotors.org\/seminovos\/wp-content\/uploads\/2012\/09\/rsz_as_25_motos_mais_vendidas_em_agosto_de_2012-150x128.png 150w\" sizes=\"auto, (max-width: 545px) 100vw, 545px\" \/><\/p>\n<h2>As motos mais vendidas por segmento no acumulado at\u00e9 agosto de 2012<\/h2>\n<p><img loading=\"lazy\" decoding=\"async\" class=\"aligncenter size-full wp-image-15401\" title=\"Motos City mais vendidas em agosto de 2012\" src=\"http:\/\/www.ultramotors.com.br\/wp-content\/uploads\/2012\/09\/Motos-City-mais-vendidas-em-agosto-de-2012.png\" alt=\"Motos City mais vendidas em agosto de 2012\" width=\"561\" height=\"235\" srcset=\"https:\/\/br.ultramotors.org\/seminovos\/wp-content\/uploads\/2012\/09\/Motos-City-mais-vendidas-em-agosto-de-2012.png 561w, https:\/\/br.ultramotors.org\/seminovos\/wp-content\/uploads\/2012\/09\/Motos-City-mais-vendidas-em-agosto-de-2012-200x83.png 200w, https:\/\/br.ultramotors.org\/seminovos\/wp-content\/uploads\/2012\/09\/Motos-City-mais-vendidas-em-agosto-de-2012-100x41.png 100w, https:\/\/br.ultramotors.org\/seminovos\/wp-content\/uploads\/2012\/09\/Motos-City-mais-vendidas-em-agosto-de-2012-150x62.png 150w\" sizes=\"auto, (max-width: 561px) 100vw, 561px\" \/><\/p>\n<p style=\"text-align: center;\"><img loading=\"lazy\" decoding=\"async\" class=\"aligncenter  wp-image-15402\" title=\"Motos Custom mais vendidas at\u00e9 agosto 2012\" src=\"http:\/\/www.ultramotors.com.br\/wp-content\/uploads\/2012\/09\/Motos-Custom-mais-vendidas-at\u00e9-agosto-2012.png\" alt=\"Motos Custom mais vendidas at\u00e9 agosto 2012\" width=\"560\" height=\"235\" srcset=\"https:\/\/br.ultramotors.org\/seminovos\/wp-content\/uploads\/2012\/09\/Motos-Custom-mais-vendidas-at\u00e9-agosto-2012.png 560w, https:\/\/br.ultramotors.org\/seminovos\/wp-content\/uploads\/2012\/09\/Motos-Custom-mais-vendidas-at\u00e9-agosto-2012-200x83.png 200w, https:\/\/br.ultramotors.org\/seminovos\/wp-content\/uploads\/2012\/09\/Motos-Custom-mais-vendidas-at\u00e9-agosto-2012-100x41.png 100w, https:\/\/br.ultramotors.org\/seminovos\/wp-content\/uploads\/2012\/09\/Motos-Custom-mais-vendidas-at\u00e9-agosto-2012-150x62.png 150w\" sizes=\"auto, (max-width: 560px) 100vw, 560px\" \/><\/p>\n<p style=\"text-align: center;\"><img loading=\"lazy\" decoding=\"async\" class=\"aligncenter size-full wp-image-15404\" title=\"Motos Maxtrail mais vendidas at\u00e9 agosto 2012\" src=\"http:\/\/www.ultramotors.com.br\/wp-content\/uploads\/2012\/09\/Motos-Maxtrail-mais-vendidas-at\u00e9-agosto-2012.png\" alt=\"Motos Maxtrail mais vendidas at\u00e9 agosto 2012\" width=\"560\" height=\"235\" srcset=\"https:\/\/br.ultramotors.org\/seminovos\/wp-content\/uploads\/2012\/09\/Motos-Maxtrail-mais-vendidas-at\u00e9-agosto-2012.png 560w, https:\/\/br.ultramotors.org\/seminovos\/wp-content\/uploads\/2012\/09\/Motos-Maxtrail-mais-vendidas-at\u00e9-agosto-2012-200x83.png 200w, https:\/\/br.ultramotors.org\/seminovos\/wp-content\/uploads\/2012\/09\/Motos-Maxtrail-mais-vendidas-at\u00e9-agosto-2012-100x41.png 100w, https:\/\/br.ultramotors.org\/seminovos\/wp-content\/uploads\/2012\/09\/Motos-Maxtrail-mais-vendidas-at\u00e9-agosto-2012-150x62.png 150w\" sizes=\"auto, (max-width: 560px) 100vw, 560px\" \/><\/p>\n<p style=\"text-align: center;\"><img loading=\"lazy\" decoding=\"async\" class=\"aligncenter size-full wp-image-15405\" title=\"Motos Naked mais vendidas at\u00e9 agosto 2012\" src=\"http:\/\/www.ultramotors.com.br\/wp-content\/uploads\/2012\/09\/Motos-Naked-mais-vendidas-at\u00e9-agosto-2012.png\" alt=\"Motos Naked mais vendidas at\u00e9 agosto 2012\" width=\"560\" height=\"235\" srcset=\"https:\/\/br.ultramotors.org\/seminovos\/wp-content\/uploads\/2012\/09\/Motos-Naked-mais-vendidas-at\u00e9-agosto-2012.png 560w, https:\/\/br.ultramotors.org\/seminovos\/wp-content\/uploads\/2012\/09\/Motos-Naked-mais-vendidas-at\u00e9-agosto-2012-200x83.png 200w, https:\/\/br.ultramotors.org\/seminovos\/wp-content\/uploads\/2012\/09\/Motos-Naked-mais-vendidas-at\u00e9-agosto-2012-100x41.png 100w, https:\/\/br.ultramotors.org\/seminovos\/wp-content\/uploads\/2012\/09\/Motos-Naked-mais-vendidas-at\u00e9-agosto-2012-150x62.png 150w\" sizes=\"auto, (max-width: 560px) 100vw, 560px\" \/><\/p>\n<p style=\"text-align: center;\"><img loading=\"lazy\" decoding=\"async\" class=\"aligncenter size-full wp-image-15406\" title=\"Motos scooter mais vendidas at\u00e9 agosto de 2012\" src=\"http:\/\/www.ultramotors.com.br\/wp-content\/uploads\/2012\/09\/Motos-scooter-mais-vendidas-at\u00e9-agosto-de-2012.png\" alt=\"Motos scooter mais vendidas at\u00e9 agosto de 2012\" width=\"560\" height=\"235\" srcset=\"https:\/\/br.ultramotors.org\/seminovos\/wp-content\/uploads\/2012\/09\/Motos-scooter-mais-vendidas-at\u00e9-agosto-de-2012.png 560w, https:\/\/br.ultramotors.org\/seminovos\/wp-content\/uploads\/2012\/09\/Motos-scooter-mais-vendidas-at\u00e9-agosto-de-2012-200x83.png 200w, https:\/\/br.ultramotors.org\/seminovos\/wp-content\/uploads\/2012\/09\/Motos-scooter-mais-vendidas-at\u00e9-agosto-de-2012-100x41.png 100w, https:\/\/br.ultramotors.org\/seminovos\/wp-content\/uploads\/2012\/09\/Motos-scooter-mais-vendidas-at\u00e9-agosto-de-2012-150x62.png 150w\" sizes=\"auto, (max-width: 560px) 100vw, 560px\" \/><\/p>\n<p style=\"text-align: center;\"><img loading=\"lazy\" decoding=\"async\" class=\"aligncenter size-full wp-image-15407\" title=\"Motos sport mais vendidas at\u00e9 agosto de 2012\" src=\"http:\/\/www.ultramotors.com.br\/wp-content\/uploads\/2012\/09\/Motos-sport-mais-vendidas-at\u00e9-agosto-de-2012.png\" alt=\"Motos sport mais vendidas at\u00e9 agosto de 2012\" width=\"560\" height=\"235\" srcset=\"https:\/\/br.ultramotors.org\/seminovos\/wp-content\/uploads\/2012\/09\/Motos-sport-mais-vendidas-at\u00e9-agosto-de-2012.png 560w, https:\/\/br.ultramotors.org\/seminovos\/wp-content\/uploads\/2012\/09\/Motos-sport-mais-vendidas-at\u00e9-agosto-de-2012-200x83.png 200w, https:\/\/br.ultramotors.org\/seminovos\/wp-content\/uploads\/2012\/09\/Motos-sport-mais-vendidas-at\u00e9-agosto-de-2012-100x41.png 100w, https:\/\/br.ultramotors.org\/seminovos\/wp-content\/uploads\/2012\/09\/Motos-sport-mais-vendidas-at\u00e9-agosto-de-2012-150x62.png 150w\" sizes=\"auto, (max-width: 560px) 100vw, 560px\" \/><\/p>\n<p style=\"text-align: center;\"><img loading=\"lazy\" decoding=\"async\" class=\"aligncenter size-full wp-image-15408\" title=\"Motos Touring mais vendidas at\u00e9 agosto de 2012\" src=\"http:\/\/www.ultramotors.com.br\/wp-content\/uploads\/2012\/09\/Motos-Touring-mais-vendidas-at\u00e9-agosto-de-2012.png\" alt=\"Motos Touring mais vendidas at\u00e9 agosto de 2012\" width=\"560\" height=\"235\" srcset=\"https:\/\/br.ultramotors.org\/seminovos\/wp-content\/uploads\/2012\/09\/Motos-Touring-mais-vendidas-at\u00e9-agosto-de-2012.png 560w, https:\/\/br.ultramotors.org\/seminovos\/wp-content\/uploads\/2012\/09\/Motos-Touring-mais-vendidas-at\u00e9-agosto-de-2012-200x83.png 200w, https:\/\/br.ultramotors.org\/seminovos\/wp-content\/uploads\/2012\/09\/Motos-Touring-mais-vendidas-at\u00e9-agosto-de-2012-100x41.png 100w, https:\/\/br.ultramotors.org\/seminovos\/wp-content\/uploads\/2012\/09\/Motos-Touring-mais-vendidas-at\u00e9-agosto-de-2012-150x62.png 150w\" sizes=\"auto, (max-width: 560px) 100vw, 560px\" \/><\/p>\n<p style=\"text-align: center;\"><img loading=\"lazy\" decoding=\"async\" class=\"aligncenter size-full wp-image-15409\" title=\"Motos trail mais vendidas at\u00e9 agosto de 2012\" src=\"http:\/\/www.ultramotors.com.br\/wp-content\/uploads\/2012\/09\/Motos-trail-mais-vendidas-at\u00e9-agosto-de-2012.png\" alt=\"Motos trail mais vendidas at\u00e9 agosto de 2012\" width=\"560\" height=\"235\" srcset=\"https:\/\/br.ultramotors.org\/seminovos\/wp-content\/uploads\/2012\/09\/Motos-trail-mais-vendidas-at\u00e9-agosto-de-2012.png 560w, https:\/\/br.ultramotors.org\/seminovos\/wp-content\/uploads\/2012\/09\/Motos-trail-mais-vendidas-at\u00e9-agosto-de-2012-200x83.png 200w, https:\/\/br.ultramotors.org\/seminovos\/wp-content\/uploads\/2012\/09\/Motos-trail-mais-vendidas-at\u00e9-agosto-de-2012-100x41.png 100w, https:\/\/br.ultramotors.org\/seminovos\/wp-content\/uploads\/2012\/09\/Motos-trail-mais-vendidas-at\u00e9-agosto-de-2012-150x62.png 150w\" sizes=\"auto, (max-width: 560px) 100vw, 560px\" \/><\/p>\n<p>[Fonte dos n\u00fameros: Fenabrave]<\/p>\n","protected":false},"excerpt":{"rendered":"<p>O segmento de duas rodas registrou aumento de 1,56% em agosto, no comparativo com julho. Foram emplacadas 140.641 unidades contra 138.485 motos. Em rela\u00e7\u00e3o a agosto de 2011, este setor apresentou retra\u00e7\u00e3o de 22,45% e, no acumulado, a queda chegou a 10,48%. A participa\u00e7\u00e3o de mercado das marcas no m\u00eas de agosto ficou assim: Honda [&hellip;]<\/p>\n","protected":false},"author":1,"featured_media":15410,"comment_status":"open","ping_status":"open","sticky":false,"template":"","format":"standard","meta":{"footnotes":""},"categories":[1],"tags":[],"class_list":["post-15395","post","type-post","status-publish","format-standard","has-post-thumbnail","hentry","category-blog"],"_links":{"self":[{"href":"https:\/\/br.ultramotors.org\/seminovos\/wp-json\/wp\/v2\/posts\/15395","targetHints":{"allow":["GET"]}}],"collection":[{"href":"https:\/\/br.ultramotors.org\/seminovos\/wp-json\/wp\/v2\/posts"}],"about":[{"href":"https:\/\/br.ultramotors.org\/seminovos\/wp-json\/wp\/v2\/types\/post"}],"author":[{"embeddable":true,"href":"https:\/\/br.ultramotors.org\/seminovos\/wp-json\/wp\/v2\/users\/1"}],"replies":[{"embeddable":true,"href":"https:\/\/br.ultramotors.org\/seminovos\/wp-json\/wp\/v2\/comments?post=15395"}],"version-history":[{"count":0,"href":"https:\/\/br.ultramotors.org\/seminovos\/wp-json\/wp\/v2\/posts\/15395\/revisions"}],"wp:featuredmedia":[{"embeddable":true,"href":"https:\/\/br.ultramotors.org\/seminovos\/wp-json\/wp\/v2\/media\/15410"}],"wp:attachment":[{"href":"https:\/\/br.ultramotors.org\/seminovos\/wp-json\/wp\/v2\/media?parent=15395"}],"wp:term":[{"taxonomy":"category","embeddable":true,"href":"https:\/\/br.ultramotors.org\/seminovos\/wp-json\/wp\/v2\/categories?post=15395"},{"taxonomy":"post_tag","embeddable":true,"href":"https:\/\/br.ultramotors.org\/seminovos\/wp-json\/wp\/v2\/tags?post=15395"}],"curies":[{"name":"wp","href":"https:\/\/api.w.org\/{rel}","templated":true}]}}