{"id":1419,"date":"2011-03-22T22:52:33","date_gmt":"2011-03-23T01:52:33","guid":{"rendered":"http:\/\/www.ultramotors.com.br\/?p=1419"},"modified":"2011-07-05T22:42:35","modified_gmt":"2011-07-06T01:42:35","slug":"chevrolet-mostra-nova-colorado-antes-da-estreia-no-salao-de-bangkok","status":"publish","type":"post","link":"https:\/\/br.ultramotors.org\/seminovos\/blog\/chevrolet-mostra-nova-colorado-antes-da-estreia-no-salao-de-bangkok\/","title":{"rendered":"Chevrolet mostra nova Colorado antes da estreia no sal\u00e3o de Bangkok"},"content":{"rendered":"<p>A Chevrolet divulgou as primeiras informa\u00e7\u00f5es e imagens do prot\u00f3tipo da nova gera\u00e7\u00e3o da <a href=\"http:\/\/www.ultramotors.com.br\/categoria\/picape\/\" rel=\"nofollow noopener\" target=\"_blank\">picape<\/a> Colorado, a apresenta\u00e7\u00e3o oficial ser\u00e1 na 32\u00aa edi\u00e7\u00e3o do Sal\u00e3o Autom\u00f3vel de Bangkok, que tem in\u00edcio no pr\u00f3ximo dia 25 de Mar\u00e7o.<\/p>\n<p>A nova gera\u00e7\u00e3o da Colorado, picape de m\u00e9dio porte da marca norte-americana, tira partido da tradi\u00e7\u00e3o da Chevrolet neste segmento e do legado deixado por diversos modelos da marca ao longo dos anos.<\/p>\n<p style=\"text-align: center;\"><img loading=\"lazy\" decoding=\"async\" class=\"aligncenter size-full wp-image-1421\" title=\"chevrolet-colorado-frontal\" src=\"http:\/\/www.ultramotors.com.br\/wp-content\/uploads\/2011\/03\/chevrolet-colorado-frontal.jpg\" alt=\"chevrolet-colorado-frontal\" width=\"545\" height=\"363\" srcset=\"https:\/\/br.ultramotors.org\/seminovos\/wp-content\/uploads\/2011\/03\/chevrolet-colorado-frontal.jpg 608w, https:\/\/br.ultramotors.org\/seminovos\/wp-content\/uploads\/2011\/03\/chevrolet-colorado-frontal-50x33.jpg 50w, https:\/\/br.ultramotors.org\/seminovos\/wp-content\/uploads\/2011\/03\/chevrolet-colorado-frontal-200x133.jpg 200w, https:\/\/br.ultramotors.org\/seminovos\/wp-content\/uploads\/2011\/03\/chevrolet-colorado-frontal-100x66.jpg 100w, https:\/\/br.ultramotors.org\/seminovos\/wp-content\/uploads\/2011\/03\/chevrolet-colorado-frontal-150x99.jpg 150w\" sizes=\"auto, (max-width: 545px) 100vw, 545px\" \/><\/p>\n<p>O prot\u00f3tipo da nova Colorado est\u00e1 equipado com um motor turbodiesel de 2,8 litros que poder\u00e1 denunciar o seu futuro lan\u00e7amento no mercado europeu, associado a uma transmiss\u00e3o manual de cinco velocidades e sistema de tra\u00e7\u00e3o integral.<\/p>\n<p><img loading=\"lazy\" decoding=\"async\" class=\"aligncenter size-full wp-image-1422\" title=\"chevrolet-colorado-lateral\" src=\"http:\/\/www.ultramotors.com.br\/wp-content\/uploads\/2011\/03\/chevrolet-colorado-lateral-e1300844349737.jpg\" alt=\"chevrolet-colorado-lateral\" width=\"545\" height=\"363\" \/><\/p>\n<p>Outra novidade \u00e9 a cabine com acabamentos pouco habituais para este tipo de ve\u00edculo, com detalhes em madeira, bancos em couro, painel de instrumentos moderno, display touchscreen de sete polegadas e ar condicionado bi-zone.<\/p>\n<p><img loading=\"lazy\" decoding=\"async\" class=\"aligncenter size-full wp-image-1424\" title=\"chevrolet-colorado-traseira\" src=\"http:\/\/www.ultramotors.com.br\/wp-content\/uploads\/2011\/03\/chevrolet-colorado-traseira1-e1300844633985.jpg\" alt=\"chevrolet-colorado-traseira\" width=\"545\" height=\"363\" \/><\/p>\n<p>A escolha da Tail\u00e2ndia para esta estreia mundial \u00e9 justificada pela enorme popularidade dos autom\u00f3veis deste tipo naquele pa\u00eds e \u00e0 import\u00e2ncia do mercado tailand\u00eas para a Chevrolet.<\/p>\n<p><img loading=\"lazy\" decoding=\"async\" class=\"aligncenter size-full wp-image-1425\" title=\"chevrolet-colorado-interior\" src=\"http:\/\/www.ultramotors.com.br\/wp-content\/uploads\/2011\/03\/chevrolet-colorado-interior-e1300844682797.jpg\" alt=\"chevrolet-colorado-interior\" width=\"545\" height=\"363\" \/><\/p>\n<p><img loading=\"lazy\" decoding=\"async\" class=\"aligncenter size-full wp-image-1426\" title=\"chevrolet-colorado-interior-2\" src=\"http:\/\/www.ultramotors.com.br\/wp-content\/uploads\/2011\/03\/chevrolet-colorado-interior-2-e1300844712518.jpg\" alt=\"chevrolet-colorado-interior-2\" width=\"545\" height=\"363\" \/><\/p>\n<p><img loading=\"lazy\" decoding=\"async\" class=\"aligncenter size-full wp-image-1427\" title=\"chevrolet-colorado-cacamba\" src=\"http:\/\/www.ultramotors.com.br\/wp-content\/uploads\/2011\/03\/chevrolet-colorado-cacamba-e1300844842818.jpg\" alt=\"chevrolet-colorado-cacamba\" width=\"545\" height=\"363\" \/><\/p>\n","protected":false},"excerpt":{"rendered":"<p>A Chevrolet divulgou as primeiras informa\u00e7\u00f5es e imagens do prot\u00f3tipo da nova gera\u00e7\u00e3o da picape Colorado, a apresenta\u00e7\u00e3o oficial ser\u00e1 na 32\u00aa edi\u00e7\u00e3o do Sal\u00e3o Autom\u00f3vel de Bangkok, que tem in\u00edcio no pr\u00f3ximo dia 25 de Mar\u00e7o. A nova gera\u00e7\u00e3o da Colorado, picape de m\u00e9dio porte da marca norte-americana, tira partido da tradi\u00e7\u00e3o da Chevrolet [&hellip;]<\/p>\n","protected":false},"author":1,"featured_media":1428,"comment_status":"open","ping_status":"open","sticky":false,"template":"","format":"standard","meta":{"footnotes":""},"categories":[1],"tags":[],"class_list":["post-1419","post","type-post","status-publish","format-standard","has-post-thumbnail","hentry","category-blog"],"_links":{"self":[{"href":"https:\/\/br.ultramotors.org\/seminovos\/wp-json\/wp\/v2\/posts\/1419","targetHints":{"allow":["GET"]}}],"collection":[{"href":"https:\/\/br.ultramotors.org\/seminovos\/wp-json\/wp\/v2\/posts"}],"about":[{"href":"https:\/\/br.ultramotors.org\/seminovos\/wp-json\/wp\/v2\/types\/post"}],"author":[{"embeddable":true,"href":"https:\/\/br.ultramotors.org\/seminovos\/wp-json\/wp\/v2\/users\/1"}],"replies":[{"embeddable":true,"href":"https:\/\/br.ultramotors.org\/seminovos\/wp-json\/wp\/v2\/comments?post=1419"}],"version-history":[{"count":0,"href":"https:\/\/br.ultramotors.org\/seminovos\/wp-json\/wp\/v2\/posts\/1419\/revisions"}],"wp:featuredmedia":[{"embeddable":true,"href":"https:\/\/br.ultramotors.org\/seminovos\/wp-json\/wp\/v2\/media\/1428"}],"wp:attachment":[{"href":"https:\/\/br.ultramotors.org\/seminovos\/wp-json\/wp\/v2\/media?parent=1419"}],"wp:term":[{"taxonomy":"category","embeddable":true,"href":"https:\/\/br.ultramotors.org\/seminovos\/wp-json\/wp\/v2\/categories?post=1419"},{"taxonomy":"post_tag","embeddable":true,"href":"https:\/\/br.ultramotors.org\/seminovos\/wp-json\/wp\/v2\/tags?post=1419"}],"curies":[{"name":"wp","href":"https:\/\/api.w.org\/{rel}","templated":true}]}}