{"id":1346,"date":"2011-03-17T14:56:27","date_gmt":"2011-03-17T17:56:27","guid":{"rendered":"http:\/\/www.ultramotors.com.br\/?p=1346"},"modified":"2022-10-05T21:06:21","modified_gmt":"2022-10-06T00:06:21","slug":"mercado-recorde-de-vendas-em-fevereiro-e-carros-populares-em-queda","status":"publish","type":"post","link":"https:\/\/br.ultramotors.org\/seminovos\/blog\/mercado-recorde-de-vendas-em-fevereiro-e-carros-populares-em-queda\/","title":{"rendered":"Mercado: Recorde de vendas em fevereiro e carros populares em queda"},"content":{"rendered":"<p>O m\u00eas passado foi o melhor m\u00eas de fevereiro em <a href=\"http:\/\/www.ultramotors.com.br\/vender-seu-carro-agora-anuncie-veiculos-gratis\/\" rel=\"nofollow noopener\" target=\"_blank\">vendas de autos<\/a> na hist\u00f3ria, com 274.000 carros, comerciais leves e pesados vendidos. Ano a ano o crescimento superou 24%.<\/p>\n<p>No entanto, deve-se observar que no ano passado o carnaval (a festa tradicional de cinco dias) que literalmente leva o pa\u00eds a uma parada &#8211; ocorreu em fevereiro, resultando em um tr\u00e1fego aos showrooms muito menor. Esta diferen\u00e7a sazonal explica em parte a curva de crescimento.<\/p>\n<p>No entanto, as vendas nos dois primeiros meses de 2011 melhorou 19,5% face ao mesmo per\u00edodo em 2010 e bem acima da previs\u00e3o de 5% da Anfavea para o ano.<\/p>\n<p>Um nivelamento das vendas \u00e9, no entanto, prevista para este m\u00eas de carnaval, a festa em todo o pa\u00eds foi encerrada em 09 de mar\u00e7o. A base comparativa com mar\u00e7o de 2010, quando os incentivos fiscais do ano passado cessaram, ser\u00e1 bem interessante.<\/p>\n<p>At\u00e9 agora neste ano, a restri\u00e7\u00e3o de cr\u00e9dito imposta pelo Banco Central n\u00e3o tem afetado as vendas de carros novos e usados. Concession\u00e1rias e os bancos encontraram formas criativas de diluir os pagamentos para financiamentos de modo a oferecer juros mais baixos.<\/p>\n<p><img loading=\"lazy\" decoding=\"async\" class=\"size-medium wp-image-1347 alignleft\" title=\"Venda de carros populares\" src=\"http:\/\/www.ultramotors.com.br\/wp-content\/uploads\/2011\/03\/cr_mega_165_Brazil-picture-200x150.jpg\" alt=\"Venda de carros populares\" width=\"200\" height=\"150\" srcset=\"https:\/\/br.ultramotors.org\/seminovos\/wp-content\/uploads\/2011\/03\/cr_mega_165_Brazil-picture-200x150.jpg 200w, https:\/\/br.ultramotors.org\/seminovos\/wp-content\/uploads\/2011\/03\/cr_mega_165_Brazil-picture-50x37.jpg 50w, https:\/\/br.ultramotors.org\/seminovos\/wp-content\/uploads\/2011\/03\/cr_mega_165_Brazil-picture-100x74.jpg 100w, https:\/\/br.ultramotors.org\/seminovos\/wp-content\/uploads\/2011\/03\/cr_mega_165_Brazil-picture-150x112.jpg 150w, https:\/\/br.ultramotors.org\/seminovos\/wp-content\/uploads\/2011\/03\/cr_mega_165_Brazil-picture.jpg 540w\" sizes=\"auto, (max-width: 200px) 100vw, 200px\" \/>Por\u00e9m, pelo segundo m\u00eas consecutivo, a quota de mercado dos chamados carros &#8220;populares&#8221;, ou seja, os modelos de n\u00edvel de entrada com motor at\u00e9 1 litro (61 polegadas c\u00fabicas), continuou em queda. Em fevereiro, foi de 45,8%, cerca de seis pontos percentuais abaixo da m\u00e9dia dos \u00faltimos anos.<\/p>\n<p>As concession\u00e1rias dizem que um dos motivos \u00e9 o aumento da taxa de juros para financiamentos de longo prazo (60 meses), que atingiu o segmento de entrada mais duramente, prejudicando as vendas.<\/p>\n<p>Mas h\u00e1 aqueles que atribuem esse fato a &#8220;evolu\u00e7\u00e3o do mercado&#8221;. Os consumidores est\u00e3o com maior poder de compra e consideram a diferen\u00e7a de pre\u00e7o insuficiente para justificar a compra dos modelos de um litro que oferecem desempenho inferior e economia de combust\u00edvel desproporcionalmente menor.<\/p>\n<p>Outros compradores brasileiros est\u00e3o comprando cada vez mais modelos importados, a grande maioria dos quais s\u00e3o equipados com motores mais fortes que os de um litro (1.0).<\/p>\n<p>Nos pr\u00f3ximos meses, esta tend\u00eancia ser\u00e1 acompanhada de perto por todos os fabricantes e importadores. Afinal, as margens de lucro dos carros &#8220;populares&#8221; s\u00e3o extremamente estreitas. Ser\u00e1? Vamos ver o que vai acontecer.<\/p>\n","protected":false},"excerpt":{"rendered":"<p>O m\u00eas passado foi o melhor m\u00eas de fevereiro em vendas de autos na hist\u00f3ria, com 274.000 carros, comerciais leves e pesados vendidos. Ano a ano o crescimento superou 24%. No entanto, deve-se observar que no ano passado o carnaval (a festa tradicional de cinco dias) que literalmente leva o pa\u00eds a uma parada &#8211; [&hellip;]<\/p>\n","protected":false},"author":1,"featured_media":1348,"comment_status":"open","ping_status":"open","sticky":false,"template":"","format":"standard","meta":{"footnotes":""},"categories":[1,3235],"tags":[],"class_list":["post-1346","post","type-post","status-publish","format-standard","has-post-thumbnail","hentry","category-blog","category-carros-mais-vendidos"],"_links":{"self":[{"href":"https:\/\/br.ultramotors.org\/seminovos\/wp-json\/wp\/v2\/posts\/1346","targetHints":{"allow":["GET"]}}],"collection":[{"href":"https:\/\/br.ultramotors.org\/seminovos\/wp-json\/wp\/v2\/posts"}],"about":[{"href":"https:\/\/br.ultramotors.org\/seminovos\/wp-json\/wp\/v2\/types\/post"}],"author":[{"embeddable":true,"href":"https:\/\/br.ultramotors.org\/seminovos\/wp-json\/wp\/v2\/users\/1"}],"replies":[{"embeddable":true,"href":"https:\/\/br.ultramotors.org\/seminovos\/wp-json\/wp\/v2\/comments?post=1346"}],"version-history":[{"count":1,"href":"https:\/\/br.ultramotors.org\/seminovos\/wp-json\/wp\/v2\/posts\/1346\/revisions"}],"predecessor-version":[{"id":77127,"href":"https:\/\/br.ultramotors.org\/seminovos\/wp-json\/wp\/v2\/posts\/1346\/revisions\/77127"}],"wp:featuredmedia":[{"embeddable":true,"href":"https:\/\/br.ultramotors.org\/seminovos\/wp-json\/wp\/v2\/media\/1348"}],"wp:attachment":[{"href":"https:\/\/br.ultramotors.org\/seminovos\/wp-json\/wp\/v2\/media?parent=1346"}],"wp:term":[{"taxonomy":"category","embeddable":true,"href":"https:\/\/br.ultramotors.org\/seminovos\/wp-json\/wp\/v2\/categories?post=1346"},{"taxonomy":"post_tag","embeddable":true,"href":"https:\/\/br.ultramotors.org\/seminovos\/wp-json\/wp\/v2\/tags?post=1346"}],"curies":[{"name":"wp","href":"https:\/\/api.w.org\/{rel}","templated":true}]}}