{"id":1328,"date":"2011-03-16T23:50:19","date_gmt":"2011-03-17T02:50:19","guid":{"rendered":"http:\/\/www.ultramotors.com.br\/?p=1328"},"modified":"2011-06-21T20:19:03","modified_gmt":"2011-06-21T23:19:03","slug":"bmw-e-volkswagen-evacuam-funcionarios-do-japao","status":"publish","type":"post","link":"https:\/\/br.ultramotors.org\/seminovos\/blog\/bmw-e-volkswagen-evacuam-funcionarios-do-japao\/","title":{"rendered":"BMW e Volkswagen evacuam funcion\u00e1rios do Jap\u00e3o"},"content":{"rendered":"<p>A situa\u00e7\u00e3o no Jap\u00e3o ainda \u00e9 muito tensa, levar\u00e1 anos para que a na\u00e7\u00e3o se recupere totalmente do terremoto e do tsunami. Em resposta \u00e0 situa\u00e7\u00e3o que continua perigosa, pelo menos, dois fabricantes de autom\u00f3veis europeus que operam instala\u00e7\u00f5es no Jap\u00e3o decidiram levar para casa alguns dos seus empregados estrangeiros.<\/p>\n<p>De acordo com a Automotive News Europe, a BMW emprega 750 pessoas no Jap\u00e3o, e mais ou menos 50 de seus empregados alem\u00e3es voltaram a seu pa\u00eds de origem. Volkswagen tem cerca de 600 trabalhadores localizados no Jap\u00e3o, e at\u00e9 agora, 30 dos 40 trabalhadores alem\u00e3es deixaram o pa\u00eds afetado pelo disastre.<\/p>\n<p>Em contra partida a montadora japonesa Toyota anunciou que retomar\u00e1 j\u00e1 nesta quinta-feira (17) parte da produ\u00e7\u00e3o em sete f\u00e1bricas no Jap\u00e3o. Elas tiveram suas atividades suspensas ap\u00f3s o terremoto e o tsunami que atingiram o pa\u00eds, fechando portos, aeroportos e deixando ao menos 12 mil mortos ou desaparecidos.<\/p>\n<p>A ind\u00fastria automotiva pode ser uma das mais afetadas pelo desastre, j\u00e1 que com os portos e aeroportos fechados, o pa\u00eds n\u00e3o tem como exportar seus ve\u00edculos e as pe\u00e7as produzidas por l\u00e1.<\/p>\n<p>Al\u00e9m disso, o tremor de 8,9 graus na escala Richter fez com que fabricantes como Honda, Mitsubishi e Nissan, al\u00e9m da Toyota, fechassem unidades em v\u00e1rias cidades. Para piorar diversos ve\u00edculos que j\u00e1 estavam preparados para serem exportados foram totalmente danificados.<\/p>\n<p><img loading=\"lazy\" decoding=\"async\" src=\"http:\/\/www.ultramotors.com.br\/wp-content\/uploads\/2011\/03\/burnt-cars-from-japan-earthquake-e1300329846531.jpg\" alt=\"Terremoto no Jap\u00e3o carros danificados\" title=\"Terremoto no Jap\u00e3o carros danificados\" width=\"545\" height=\"366\" class=\"aligncenter size-full wp-image-1329\" \/><\/p>\n<blockquote><p>O Jap\u00e3o \u00e9 um dos maiores produtores de carro do mundo e ocupa o terceiro lugar como maior mercado consumidor de ve\u00edculos, ficando atr\u00e1s apenas da China e dos EUA.<\/p><\/blockquote>\n<p>[Fontes externas: AutoBlog, R7]<\/p>\n","protected":false},"excerpt":{"rendered":"<p>A situa\u00e7\u00e3o no Jap\u00e3o ainda \u00e9 muito tensa, levar\u00e1 anos para que a na\u00e7\u00e3o se recupere totalmente do terremoto e do tsunami. Em resposta \u00e0 situa\u00e7\u00e3o que continua perigosa, pelo menos, dois fabricantes de autom\u00f3veis europeus que operam instala\u00e7\u00f5es no Jap\u00e3o decidiram levar para casa alguns dos seus empregados estrangeiros. De acordo com a Automotive [&hellip;]<\/p>\n","protected":false},"author":1,"featured_media":1330,"comment_status":"open","ping_status":"open","sticky":false,"template":"","format":"standard","meta":{"footnotes":""},"categories":[1],"tags":[],"class_list":["post-1328","post","type-post","status-publish","format-standard","has-post-thumbnail","hentry","category-blog"],"_links":{"self":[{"href":"https:\/\/br.ultramotors.org\/seminovos\/wp-json\/wp\/v2\/posts\/1328","targetHints":{"allow":["GET"]}}],"collection":[{"href":"https:\/\/br.ultramotors.org\/seminovos\/wp-json\/wp\/v2\/posts"}],"about":[{"href":"https:\/\/br.ultramotors.org\/seminovos\/wp-json\/wp\/v2\/types\/post"}],"author":[{"embeddable":true,"href":"https:\/\/br.ultramotors.org\/seminovos\/wp-json\/wp\/v2\/users\/1"}],"replies":[{"embeddable":true,"href":"https:\/\/br.ultramotors.org\/seminovos\/wp-json\/wp\/v2\/comments?post=1328"}],"version-history":[{"count":0,"href":"https:\/\/br.ultramotors.org\/seminovos\/wp-json\/wp\/v2\/posts\/1328\/revisions"}],"wp:featuredmedia":[{"embeddable":true,"href":"https:\/\/br.ultramotors.org\/seminovos\/wp-json\/wp\/v2\/media\/1330"}],"wp:attachment":[{"href":"https:\/\/br.ultramotors.org\/seminovos\/wp-json\/wp\/v2\/media?parent=1328"}],"wp:term":[{"taxonomy":"category","embeddable":true,"href":"https:\/\/br.ultramotors.org\/seminovos\/wp-json\/wp\/v2\/categories?post=1328"},{"taxonomy":"post_tag","embeddable":true,"href":"https:\/\/br.ultramotors.org\/seminovos\/wp-json\/wp\/v2\/tags?post=1328"}],"curies":[{"name":"wp","href":"https:\/\/api.w.org\/{rel}","templated":true}]}}