{"id":1253,"date":"2011-03-14T22:54:09","date_gmt":"2011-03-15T01:54:09","guid":{"rendered":"http:\/\/www.ultramotors.com.br\/?p=1253"},"modified":"2011-03-14T22:54:09","modified_gmt":"2011-03-15T01:54:09","slug":"renavam-passa-a-conter-informacoes-sobre-recalls","status":"publish","type":"post","link":"https:\/\/br.ultramotors.org\/seminovos\/blog\/renavam-passa-a-conter-informacoes-sobre-recalls\/","title":{"rendered":"Renavam passa a conter informa\u00e7\u00f5es sobre recalls"},"content":{"rendered":"<p>Os consumidores brasileiros v\u00e3o ter a disposi\u00e7\u00e3o uma nova forma de acesso a\u00a0informa\u00e7\u00f5es sobre as campanhas nacionais de recall das montadoras de ve\u00edculos. Os dados sobre o n\u00e3o atendimento \u00e0s campanhas passam a fazer parte do Renavam (Registro Nacional de Ve\u00edculos Automotores).<\/p>\n<p>Com o novo sistema, os consumidores poder\u00e3o acessar o site do Denatran e basta informar o n\u00famero de chassi do ve\u00edculo para saber se h\u00e1 algum recall pendente no ve\u00edculo. A pesquisa vale para campanhas de recall realizadas ap\u00f3s o dia 17\/03\/2011. Chamados que n\u00e3o forem atendidos no per\u00edodo de um ano tamb\u00e9m passar\u00e3o a constar no Certificado de Registro e Licenciamento de Ve\u00edculo.<\/p>\n<p>Al\u00e9m das informa\u00e7\u00f5es sobre n\u00famero de ve\u00edculos e os chassis envolvidos, a inclus\u00e3o de dados sobre comparecimento ou n\u00e3o a campanhas de recall permitir\u00e1 que o Denatran monitore o andamento das campanhas em todo o territ\u00f3rio nacional al\u00e9m de beneficiar a seguran\u00e7a, j\u00e1 que os consumidores ter\u00e3o acesso as informa\u00e7\u00f5es sobre campanhas de recall mais facilmente.<\/p>\n<p>Para realizar a consulta entre no site: <a href=\"https:\/\/denatran.serpro.gov.br\/index2.htm\" rel=\"nofollow noopener\" target=\"_blank\">https:\/\/denatran.serpro.gov.br\/index2.htm<\/a><\/p>\n<p>[Fonte externa: Fenabrave]<\/p>\n","protected":false},"excerpt":{"rendered":"<p>Os consumidores brasileiros v\u00e3o ter a disposi\u00e7\u00e3o uma nova forma de acesso a\u00a0informa\u00e7\u00f5es sobre as campanhas nacionais de recall das montadoras de ve\u00edculos. Os dados sobre o n\u00e3o atendimento \u00e0s campanhas passam a fazer parte do Renavam (Registro Nacional de Ve\u00edculos Automotores). Com o novo sistema, os consumidores poder\u00e3o acessar o site do Denatran e [&hellip;]<\/p>\n","protected":false},"author":1,"featured_media":1280,"comment_status":"open","ping_status":"open","sticky":false,"template":"","format":"standard","meta":{"footnotes":""},"categories":[1],"tags":[],"class_list":["post-1253","post","type-post","status-publish","format-standard","has-post-thumbnail","hentry","category-blog"],"_links":{"self":[{"href":"https:\/\/br.ultramotors.org\/seminovos\/wp-json\/wp\/v2\/posts\/1253","targetHints":{"allow":["GET"]}}],"collection":[{"href":"https:\/\/br.ultramotors.org\/seminovos\/wp-json\/wp\/v2\/posts"}],"about":[{"href":"https:\/\/br.ultramotors.org\/seminovos\/wp-json\/wp\/v2\/types\/post"}],"author":[{"embeddable":true,"href":"https:\/\/br.ultramotors.org\/seminovos\/wp-json\/wp\/v2\/users\/1"}],"replies":[{"embeddable":true,"href":"https:\/\/br.ultramotors.org\/seminovos\/wp-json\/wp\/v2\/comments?post=1253"}],"version-history":[{"count":0,"href":"https:\/\/br.ultramotors.org\/seminovos\/wp-json\/wp\/v2\/posts\/1253\/revisions"}],"wp:featuredmedia":[{"embeddable":true,"href":"https:\/\/br.ultramotors.org\/seminovos\/wp-json\/wp\/v2\/media\/1280"}],"wp:attachment":[{"href":"https:\/\/br.ultramotors.org\/seminovos\/wp-json\/wp\/v2\/media?parent=1253"}],"wp:term":[{"taxonomy":"category","embeddable":true,"href":"https:\/\/br.ultramotors.org\/seminovos\/wp-json\/wp\/v2\/categories?post=1253"},{"taxonomy":"post_tag","embeddable":true,"href":"https:\/\/br.ultramotors.org\/seminovos\/wp-json\/wp\/v2\/tags?post=1253"}],"curies":[{"name":"wp","href":"https:\/\/api.w.org\/{rel}","templated":true}]}}