{"id":12157,"date":"2012-07-04T12:31:16","date_gmt":"2012-07-04T15:31:16","guid":{"rendered":"http:\/\/www.ultramotors.com.br\/?p=12157"},"modified":"2012-08-22T17:02:47","modified_gmt":"2012-08-22T20:02:47","slug":"as-motos-mais-vendidas-em-junho-de-2012","status":"publish","type":"post","link":"https:\/\/br.ultramotors.org\/seminovos\/blog\/as-motos-mais-vendidas-em-junho-de-2012\/","title":{"rendered":"As motos mais vendidas em junho de 2012"},"content":{"rendered":"<p>A Federa\u00e7\u00e3o Nacional de Distribui\u00e7\u00e3o de Ve\u00edculos Automotores apurou e divulgou que o setor de motocicletas teve queda de 17,29% em junho no comparativo com maio. Foram emplacadas 123.966 unidades contra 149.885 motos, respectivamente. Em rela\u00e7\u00e3o a junho de 2011, o setor apresentou retra\u00e7\u00e3o de 23,38%.<\/p>\n<p>Uma vez mais, a <strong>Honda CG150<\/strong> ocupou a posi\u00e7\u00e3o de moto mais vendida do Brasil com <strong>29.530 unidades emplacadas<\/strong>, seguida por sua &#8220;irm\u00e3&#8221; <strong>CG 125<\/strong> (22.215) e <strong>Honda Biz<\/strong> (15.648).<\/p>\n<p>A participa\u00e7\u00e3o de mercado das marcas no m\u00eas de junho ficou assim: Honda \u2013 79,78%, Yamaha \u2013 10,23%, Dafra \u2013 2,31%, Suzuki \u2013 1,98%, Kasinski \u2013 1,43%, Outros \u2013 4,27%.<\/p>\n<p>Com previmos, apenas dois meses ap\u00f3s o\u00a0<a title=\"Honda CBR 250\" href=\"http:\/\/www.ultramotors.com.br\/honda-lanca-nova-cbr-250r-com-precos-partindo-de-r-15-490\/\" rel=\"nofollow noopener\" target=\"_blank\">lan\u00e7amento da\u00a0Honda CBR 250<\/a>\u00a0no Brasil, a pequena esportiva da Honda foi a moto mais vendida no seu segmento em junho e j\u00e1 ocupa a quinta posi\u00e7\u00e3o no acumulado.<\/p>\n<p><em>As\u00a0<a title=\"As motos mais vendidas\" href=\"http:\/\/www.ultramotors.com.br\/tag\/motos-mais-vendidas\/\" rel=\"nofollow noopener\" target=\"_blank\">motos mais vendidas<\/a>\u00a0nos meses anteriores.<\/em><\/p>\n<h2>As 25 motos mais vendidas no acumulado entre janeiro e junho de 2012<\/h2>\n<p><img loading=\"lazy\" decoding=\"async\" class=\"aligncenter size-full wp-image-12207\" title=\"Motos mais vendidas at\u00e9 junho de 2012\" src=\"http:\/\/www.ultramotors.com.br\/wp-content\/uploads\/2012\/07\/Motos-mais-vendidas-at\u00e9-junho-de-2012.png\" alt=\"Tabela com as 25 motos mais vendidas at\u00e9 junho de 2012\" width=\"545\" height=\"467\" srcset=\"https:\/\/br.ultramotors.org\/seminovos\/wp-content\/uploads\/2012\/07\/Motos-mais-vendidas-at\u00e9-junho-de-2012.png 545w, https:\/\/br.ultramotors.org\/seminovos\/wp-content\/uploads\/2012\/07\/Motos-mais-vendidas-at\u00e9-junho-de-2012-175x150.png 175w, https:\/\/br.ultramotors.org\/seminovos\/wp-content\/uploads\/2012\/07\/Motos-mais-vendidas-at\u00e9-junho-de-2012-100x85.png 100w, https:\/\/br.ultramotors.org\/seminovos\/wp-content\/uploads\/2012\/07\/Motos-mais-vendidas-at\u00e9-junho-de-2012-150x128.png 150w\" sizes=\"auto, (max-width: 545px) 100vw, 545px\" \/><\/p>\n<h2>As motos mais vendidas por segmento no acumulado at\u00e9 junho de 2012<\/h2>\n<p style=\"text-align: center;\"><img loading=\"lazy\" decoding=\"async\" class=\" wp-image-12158 aligncenter\" title=\"Mostos City mais emplacadas at\u00e9 junho de 2012\" src=\"http:\/\/www.ultramotors.com.br\/wp-content\/uploads\/2012\/07\/Mostos-City-mais-emplacadas-at\u00e9-junho-de-2012.png\" alt=\"Lista das motos City mais vendidas at\u00e9 junho de 2012\" width=\"553\" height=\"233\" \/><\/p>\n<p style=\"text-align: center;\"><img loading=\"lazy\" decoding=\"async\" class=\"aligncenter size-full wp-image-12198\" title=\"As motos Custom mais vendidas at\u00e9 junho de 2012\" src=\"http:\/\/www.ultramotors.com.br\/wp-content\/uploads\/2012\/07\/As-motos-Custom-mais-vendidas-at\u00e9-junho-de-2012.png\" alt=\"\" width=\"552\" height=\"230\" srcset=\"https:\/\/br.ultramotors.org\/seminovos\/wp-content\/uploads\/2012\/07\/As-motos-Custom-mais-vendidas-at\u00e9-junho-de-2012.png 552w, https:\/\/br.ultramotors.org\/seminovos\/wp-content\/uploads\/2012\/07\/As-motos-Custom-mais-vendidas-at\u00e9-junho-de-2012-200x83.png 200w, https:\/\/br.ultramotors.org\/seminovos\/wp-content\/uploads\/2012\/07\/As-motos-Custom-mais-vendidas-at\u00e9-junho-de-2012-100x41.png 100w, https:\/\/br.ultramotors.org\/seminovos\/wp-content\/uploads\/2012\/07\/As-motos-Custom-mais-vendidas-at\u00e9-junho-de-2012-150x62.png 150w\" sizes=\"auto, (max-width: 552px) 100vw, 552px\" \/><\/p>\n<p style=\"text-align: center;\"><img loading=\"lazy\" decoding=\"async\" class=\"aligncenter size-full wp-image-12199\" title=\"Motos Maxtrail mais vendidas at\u00e9 junho de 2012\" src=\"http:\/\/www.ultramotors.com.br\/wp-content\/uploads\/2012\/07\/Motos-Maxtrail-mais-vendidas-at\u00e9-junho-de-2012.png\" alt=\"\" width=\"551\" height=\"231\" srcset=\"https:\/\/br.ultramotors.org\/seminovos\/wp-content\/uploads\/2012\/07\/Motos-Maxtrail-mais-vendidas-at\u00e9-junho-de-2012.png 551w, https:\/\/br.ultramotors.org\/seminovos\/wp-content\/uploads\/2012\/07\/Motos-Maxtrail-mais-vendidas-at\u00e9-junho-de-2012-200x83.png 200w, https:\/\/br.ultramotors.org\/seminovos\/wp-content\/uploads\/2012\/07\/Motos-Maxtrail-mais-vendidas-at\u00e9-junho-de-2012-100x41.png 100w, https:\/\/br.ultramotors.org\/seminovos\/wp-content\/uploads\/2012\/07\/Motos-Maxtrail-mais-vendidas-at\u00e9-junho-de-2012-150x62.png 150w\" sizes=\"auto, (max-width: 551px) 100vw, 551px\" \/><\/p>\n<p style=\"text-align: center;\"><img loading=\"lazy\" decoding=\"async\" class=\"aligncenter size-full wp-image-12200\" title=\"Motos Naked mais vendidas at\u00e9 junho de 2012\" src=\"http:\/\/www.ultramotors.com.br\/wp-content\/uploads\/2012\/07\/Motos-Naked-mais-vendidas-at\u00e9-junho-de-2012.png\" alt=\"\" width=\"552\" height=\"231\" srcset=\"https:\/\/br.ultramotors.org\/seminovos\/wp-content\/uploads\/2012\/07\/Motos-Naked-mais-vendidas-at\u00e9-junho-de-2012.png 552w, https:\/\/br.ultramotors.org\/seminovos\/wp-content\/uploads\/2012\/07\/Motos-Naked-mais-vendidas-at\u00e9-junho-de-2012-200x83.png 200w, https:\/\/br.ultramotors.org\/seminovos\/wp-content\/uploads\/2012\/07\/Motos-Naked-mais-vendidas-at\u00e9-junho-de-2012-100x41.png 100w, https:\/\/br.ultramotors.org\/seminovos\/wp-content\/uploads\/2012\/07\/Motos-Naked-mais-vendidas-at\u00e9-junho-de-2012-150x62.png 150w\" sizes=\"auto, (max-width: 552px) 100vw, 552px\" \/><\/p>\n<p style=\"text-align: center;\"><img loading=\"lazy\" decoding=\"async\" class=\"aligncenter size-full wp-image-12201\" title=\"Motos Scooter mais vendidas at\u00e9 junho de 2012\" src=\"http:\/\/www.ultramotors.com.br\/wp-content\/uploads\/2012\/07\/Motos-Scooter-mais-vendidas-at\u00e9-junho-de-2012.png\" alt=\"\" width=\"552\" height=\"232\" srcset=\"https:\/\/br.ultramotors.org\/seminovos\/wp-content\/uploads\/2012\/07\/Motos-Scooter-mais-vendidas-at\u00e9-junho-de-2012.png 552w, https:\/\/br.ultramotors.org\/seminovos\/wp-content\/uploads\/2012\/07\/Motos-Scooter-mais-vendidas-at\u00e9-junho-de-2012-200x84.png 200w, https:\/\/br.ultramotors.org\/seminovos\/wp-content\/uploads\/2012\/07\/Motos-Scooter-mais-vendidas-at\u00e9-junho-de-2012-100x42.png 100w, https:\/\/br.ultramotors.org\/seminovos\/wp-content\/uploads\/2012\/07\/Motos-Scooter-mais-vendidas-at\u00e9-junho-de-2012-150x63.png 150w\" sizes=\"auto, (max-width: 552px) 100vw, 552px\" \/><\/p>\n<p style=\"text-align: center;\"><img loading=\"lazy\" decoding=\"async\" class=\"aligncenter size-full wp-image-12202\" title=\"Motos Sport mais vendidas at\u00e9 junho de 2012\" src=\"http:\/\/www.ultramotors.com.br\/wp-content\/uploads\/2012\/07\/Motos-Sport-mais-vendidas-at\u00e9-junho-de-2012.png\" alt=\"\" width=\"552\" height=\"232\" srcset=\"https:\/\/br.ultramotors.org\/seminovos\/wp-content\/uploads\/2012\/07\/Motos-Sport-mais-vendidas-at\u00e9-junho-de-2012.png 552w, https:\/\/br.ultramotors.org\/seminovos\/wp-content\/uploads\/2012\/07\/Motos-Sport-mais-vendidas-at\u00e9-junho-de-2012-200x84.png 200w, https:\/\/br.ultramotors.org\/seminovos\/wp-content\/uploads\/2012\/07\/Motos-Sport-mais-vendidas-at\u00e9-junho-de-2012-100x42.png 100w, https:\/\/br.ultramotors.org\/seminovos\/wp-content\/uploads\/2012\/07\/Motos-Sport-mais-vendidas-at\u00e9-junho-de-2012-150x63.png 150w\" sizes=\"auto, (max-width: 552px) 100vw, 552px\" \/><\/p>\n<p style=\"text-align: center;\"><img loading=\"lazy\" decoding=\"async\" class=\"aligncenter size-full wp-image-12204\" title=\"Motos Touring mais vendidas at\u00e9 junho de 2012\" src=\"http:\/\/www.ultramotors.com.br\/wp-content\/uploads\/2012\/07\/Motos-Touring-mais-vendidas-at\u00e9-junho-de-2012.png\" alt=\"\" width=\"552\" height=\"231\" srcset=\"https:\/\/br.ultramotors.org\/seminovos\/wp-content\/uploads\/2012\/07\/Motos-Touring-mais-vendidas-at\u00e9-junho-de-2012.png 552w, https:\/\/br.ultramotors.org\/seminovos\/wp-content\/uploads\/2012\/07\/Motos-Touring-mais-vendidas-at\u00e9-junho-de-2012-200x83.png 200w, https:\/\/br.ultramotors.org\/seminovos\/wp-content\/uploads\/2012\/07\/Motos-Touring-mais-vendidas-at\u00e9-junho-de-2012-100x41.png 100w, https:\/\/br.ultramotors.org\/seminovos\/wp-content\/uploads\/2012\/07\/Motos-Touring-mais-vendidas-at\u00e9-junho-de-2012-150x62.png 150w\" sizes=\"auto, (max-width: 552px) 100vw, 552px\" \/><\/p>\n<p style=\"text-align: center;\"><img loading=\"lazy\" decoding=\"async\" class=\"aligncenter size-full wp-image-12203\" title=\"Motos Trail mais vendidas at\u00e9 junho de 2012\" src=\"http:\/\/www.ultramotors.com.br\/wp-content\/uploads\/2012\/07\/Motos-Trail-mais-vendidas-at\u00e9-junho-de-2012.png\" alt=\"\" width=\"552\" height=\"232\" srcset=\"https:\/\/br.ultramotors.org\/seminovos\/wp-content\/uploads\/2012\/07\/Motos-Trail-mais-vendidas-at\u00e9-junho-de-2012.png 552w, https:\/\/br.ultramotors.org\/seminovos\/wp-content\/uploads\/2012\/07\/Motos-Trail-mais-vendidas-at\u00e9-junho-de-2012-200x84.png 200w, https:\/\/br.ultramotors.org\/seminovos\/wp-content\/uploads\/2012\/07\/Motos-Trail-mais-vendidas-at\u00e9-junho-de-2012-100x42.png 100w, https:\/\/br.ultramotors.org\/seminovos\/wp-content\/uploads\/2012\/07\/Motos-Trail-mais-vendidas-at\u00e9-junho-de-2012-150x63.png 150w\" sizes=\"auto, (max-width: 552px) 100vw, 552px\" \/><\/p>\n<p>[Fonte dos n\u00fameros: Fenabrave]<\/p>\n","protected":false},"excerpt":{"rendered":"<p>A Federa\u00e7\u00e3o Nacional de Distribui\u00e7\u00e3o de Ve\u00edculos Automotores apurou e divulgou que o setor de motocicletas teve queda de 17,29% em junho no comparativo com maio. Foram emplacadas 123.966 unidades contra 149.885 motos, respectivamente. Em rela\u00e7\u00e3o a junho de 2011, o setor apresentou retra\u00e7\u00e3o de 23,38%. Uma vez mais, a Honda CG150 ocupou a posi\u00e7\u00e3o [&hellip;]<\/p>\n","protected":false},"author":1,"featured_media":12216,"comment_status":"open","ping_status":"open","sticky":false,"template":"","format":"standard","meta":{"footnotes":""},"categories":[1],"tags":[],"class_list":["post-12157","post","type-post","status-publish","format-standard","has-post-thumbnail","hentry","category-blog"],"_links":{"self":[{"href":"https:\/\/br.ultramotors.org\/seminovos\/wp-json\/wp\/v2\/posts\/12157","targetHints":{"allow":["GET"]}}],"collection":[{"href":"https:\/\/br.ultramotors.org\/seminovos\/wp-json\/wp\/v2\/posts"}],"about":[{"href":"https:\/\/br.ultramotors.org\/seminovos\/wp-json\/wp\/v2\/types\/post"}],"author":[{"embeddable":true,"href":"https:\/\/br.ultramotors.org\/seminovos\/wp-json\/wp\/v2\/users\/1"}],"replies":[{"embeddable":true,"href":"https:\/\/br.ultramotors.org\/seminovos\/wp-json\/wp\/v2\/comments?post=12157"}],"version-history":[{"count":0,"href":"https:\/\/br.ultramotors.org\/seminovos\/wp-json\/wp\/v2\/posts\/12157\/revisions"}],"wp:featuredmedia":[{"embeddable":true,"href":"https:\/\/br.ultramotors.org\/seminovos\/wp-json\/wp\/v2\/media\/12216"}],"wp:attachment":[{"href":"https:\/\/br.ultramotors.org\/seminovos\/wp-json\/wp\/v2\/media?parent=12157"}],"wp:term":[{"taxonomy":"category","embeddable":true,"href":"https:\/\/br.ultramotors.org\/seminovos\/wp-json\/wp\/v2\/categories?post=12157"},{"taxonomy":"post_tag","embeddable":true,"href":"https:\/\/br.ultramotors.org\/seminovos\/wp-json\/wp\/v2\/tags?post=12157"}],"curies":[{"name":"wp","href":"https:\/\/api.w.org\/{rel}","templated":true}]}}