{"id":1060,"date":"2011-02-17T12:02:23","date_gmt":"2011-02-17T14:02:23","guid":{"rendered":"http:\/\/www.ultramotors.com.br\/?p=1060"},"modified":"2011-02-17T12:02:23","modified_gmt":"2011-02-17T14:02:23","slug":"porsche-comemora-o-milionesimo-fa-no-facebook-com-911-gt3-r-hybrid-especial","status":"publish","type":"post","link":"https:\/\/br.ultramotors.org\/seminovos\/blog\/porsche-comemora-o-milionesimo-fa-no-facebook-com-911-gt3-r-hybrid-especial\/","title":{"rendered":"Porsche comemora o milion\u00e9simo f\u00e3 no Facebook com 911 GT3 R Hybrid especial"},"content":{"rendered":"<p>A Porsche est\u00e1 celebrando o seu milion\u00e9simo fan em uma rede social com uma vers\u00e3o especial do 911 GT3 R H\u00edbrido.  Recentemente, a empresa ultrapassou 1 milh\u00e3o de f\u00e3s no Facebook, e para marcar a ocasi\u00e3o, os designers da marca customizaram o 911 h\u00edbrido com mais de 27.000 assinaturas de f\u00e3s. O ve\u00edculo foi configurado para estar em exposi\u00e7\u00e3o no Museu Porsche em Stuttgart, para todos verem.<\/p>\n<p>A montadora alem\u00e3 afirma que escolheu o 911 GT3 R h\u00edbrido para a celebra\u00e7\u00e3o do Facebook porque a Porsche acredita que o carro \u00e9 o futuro das corridas. A m\u00e1quina fornece 480 cavalos de um motor 4,0-litros de seis cilindros e dois motores el\u00e9ctricos capazes de gerar 80 cv cada.<\/p>\n<p><img loading=\"lazy\" decoding=\"async\" class=\"aligncenter size-full wp-image-1063\" title=\"porsche-facebook-asinaturas\" src=\"http:\/\/www.ultramotors.com.br\/wp-content\/uploads\/2011\/02\/porsche-facebook-asinaturas-e1297951233910.jpg\" alt=\"Porsche Facebook 911 GT3\" width=\"545\" height=\"362\" \/><\/p>\n<p><img loading=\"lazy\" decoding=\"async\" class=\"aligncenter size-full wp-image-1062\" title=\"porsche-facebook-museu\" src=\"http:\/\/www.ultramotors.com.br\/wp-content\/uploads\/2011\/02\/porsche-facebook-museu-e1297951114929.jpg\" alt=\"Porsche Facebook 911 GT3\" width=\"545\" height=\"362\" \/><\/p>\n<p><img loading=\"lazy\" decoding=\"async\" class=\"aligncenter size-full wp-image-1061\" title=\"porsche-facebook\" src=\"http:\/\/www.ultramotors.com.br\/wp-content\/uploads\/2011\/02\/porsche-facebook-e1297951026971.jpg\" alt=\"Porsche Facebook 911 GT3\" width=\"545\" height=\"360\" \/><\/p>\n","protected":false},"excerpt":{"rendered":"<p>A Porsche est\u00e1 celebrando o seu milion\u00e9simo fan em uma rede social com uma vers\u00e3o especial do 911 GT3 R H\u00edbrido. Recentemente, a empresa ultrapassou 1 milh\u00e3o de f\u00e3s no Facebook, e para marcar a ocasi\u00e3o, os designers da marca customizaram o 911 h\u00edbrido com mais de 27.000 assinaturas de f\u00e3s. O ve\u00edculo foi configurado [&hellip;]<\/p>\n","protected":false},"author":1,"featured_media":1061,"comment_status":"open","ping_status":"open","sticky":false,"template":"","format":"standard","meta":{"footnotes":""},"categories":[1],"tags":[],"class_list":["post-1060","post","type-post","status-publish","format-standard","has-post-thumbnail","hentry","category-blog"],"_links":{"self":[{"href":"https:\/\/br.ultramotors.org\/seminovos\/wp-json\/wp\/v2\/posts\/1060","targetHints":{"allow":["GET"]}}],"collection":[{"href":"https:\/\/br.ultramotors.org\/seminovos\/wp-json\/wp\/v2\/posts"}],"about":[{"href":"https:\/\/br.ultramotors.org\/seminovos\/wp-json\/wp\/v2\/types\/post"}],"author":[{"embeddable":true,"href":"https:\/\/br.ultramotors.org\/seminovos\/wp-json\/wp\/v2\/users\/1"}],"replies":[{"embeddable":true,"href":"https:\/\/br.ultramotors.org\/seminovos\/wp-json\/wp\/v2\/comments?post=1060"}],"version-history":[{"count":0,"href":"https:\/\/br.ultramotors.org\/seminovos\/wp-json\/wp\/v2\/posts\/1060\/revisions"}],"wp:featuredmedia":[{"embeddable":true,"href":"https:\/\/br.ultramotors.org\/seminovos\/wp-json\/wp\/v2\/media\/1061"}],"wp:attachment":[{"href":"https:\/\/br.ultramotors.org\/seminovos\/wp-json\/wp\/v2\/media?parent=1060"}],"wp:term":[{"taxonomy":"category","embeddable":true,"href":"https:\/\/br.ultramotors.org\/seminovos\/wp-json\/wp\/v2\/categories?post=1060"},{"taxonomy":"post_tag","embeddable":true,"href":"https:\/\/br.ultramotors.org\/seminovos\/wp-json\/wp\/v2\/tags?post=1060"}],"curies":[{"name":"wp","href":"https:\/\/api.w.org\/{rel}","templated":true}]}}